{"id":7592,"date":"2020-04-29T20:20:13","date_gmt":"2020-04-29T23:20:13","guid":{"rendered":"https:\/\/www.catamarca.edu.ar\/plataforma_educativa\/?p=7592"},"modified":"2020-07-20T20:59:37","modified_gmt":"2020-07-20T23:59:37","slug":"franco-jalile","status":"publish","type":"post","link":"https:\/\/www.catamarca.edu.ar\/plataforma_educativa\/franco-jalile\/","title":{"rendered":"Franco Jalile"},"content":{"rendered":"<p>El profesor, Franco Jalile, de la Escuela Secundaria N\u00b0 39 de la Villa de Antofagasta, nos cuenta su experiencia en este nuevo entorno de educaci\u00f3n, \u201ccuando se decret\u00f3 el primer per\u00edodo de <img fetchpriority=\"high\" decoding=\"async\" class=\"alignright wp-image-7620 size-full\" src=\"http:\/\/172.16.131.3:8000\/plataforma_educativa\/wp-content\/uploads\/2020\/04\/Franco-Jalile3.jpg\" alt=\"\" width=\"395\" height=\"390\" \/>cuarentena me preocup\u00f3 el seguimiento de mis alumnos, ya que al ser una escuela de per\u00edodo especial, est\u00e1bamos en pleno proceso de cierre de notas, lo que me llevo a generar cartillas, dejarle a mis alumnos y comenzar un trabajo de seguimiento por WhassApp\u201d; la Esc. Sec. N\u00b0 39 cuenta con aproximadamente 90 alumnos, y un plantel de 24 docente, es de destacar la participaci\u00f3n del docente, en distintas jornadas y Feria de Ciencia. Obteniendo medalla de oro, a nivel nacional, presentando proyectos elaborados, siempre planteando la problem\u00e1tica de la zona.<\/p>\n<p><img decoding=\"async\" class=\" wp-image-7593 alignleft\" src=\"http:\/\/172.16.131.3:8000\/plataforma_educativa\/wp-content\/uploads\/2020\/04\/Franco-Jalile.jpg\" alt=\"\" width=\"116\" height=\"182\" \/>Franco nos cuenta de sus propias limitaciones en lo que respecta a educaci\u00f3n no presencial, y destaca el constante apoyo y motivaci\u00f3n por parte de su director y el trabajo colaborativo de sus compa\u00f1eros, \u201cQuiero destacar el compromiso de la Profesora Silvia Cuenca, con quien comenzamos a incursionar en las aulas virtuales, el constante apoyo y compromiso, nos llev\u00f3 a animarnos al uso de esta nueva herramienta\u201d. En educaci\u00f3n entran en juego muchos actores y la familia es un pilar fundamental \u201cCreo en el compromiso que se genera entre, familia y docentes que avanzamos en un 50% cada parte en la formaci\u00f3n de los ni\u00f1os, pero me llamo la atenci\u00f3n como el apoyo se increment\u00f3 por parte de los padres, cuando avanz\u00e1bamos en este nuevo desaf\u00edo de las aulas virtuales, fue un nuevo aprender por parte m\u00eda, de los chicos y los padres\u201d.<\/p>\n<p><img decoding=\"async\" class=\"aligncenter wp-image-7623 size-full\" src=\"http:\/\/172.16.131.3:8000\/plataforma_educativa\/wp-content\/uploads\/2020\/04\/Franco-Jalile4.jpg\" alt=\"\" width=\"521\" height=\"366\" \/><\/p>\n<p>Profesor de Tecnolog\u00eda y comprometido con sus alumnos, \u201ctrabaje la teor\u00eda desde las cartillas, contin\u00fae el acompa\u00f1amiento usando WhassApp y Aulas Virtuales, la idea siempre fue poder llegar a todos\u201d, trabajando los temas de Automatizaci\u00f3n, Circuitos El\u00e9ctricos y Materiales y Recursos, los alumnos a trav\u00e9s de videos lograron mostrar sus producciones. A futuro el profe ya se encuentra pensando en su muestra de Tecnolog\u00eda Virtual.<\/p>\n<hr \/>\n<h3><strong>Videos<\/strong><\/h3>\n<p>Barrionuevo, Irene &#8211; Automatizaci\u00f3n<\/p>\n<div style=\"width: 854px;\" class=\"wp-video\"><video class=\"wp-video-shortcode\" id=\"video-7592-1\" width=\"854\" height=\"480\" preload=\"metadata\" controls=\"controls\"><source type=\"video\/mp4\" src=\"http:\/\/172.16.131.3:8000\/plataforma_educativa\/wp-content\/uploads\/2020\/04\/automatizacion-casino-entrevista-3-barrionuevo-irene.mp4?_=1\" \/><a href=\"http:\/\/172.16.131.3:8000\/plataforma_educativa\/wp-content\/uploads\/2020\/04\/automatizacion-casino-entrevista-3-barrionuevo-irene.mp4\">http:\/\/172.16.131.3:8000\/plataforma_educativa\/wp-content\/uploads\/2020\/04\/automatizacion-casino-entrevista-3-barrionuevo-irene.mp4<\/a><\/video><\/div>\n<p>Ramos, Policarpo Gerem\u00edas &#8211; Circuitos El\u00e9ctricos<\/p>\n<div style=\"width: 854px;\" class=\"wp-video\"><video class=\"wp-video-shortcode\" id=\"video-7592-2\" width=\"854\" height=\"480\" preload=\"metadata\" controls=\"controls\"><source type=\"video\/mp4\" src=\"http:\/\/172.16.131.3:8000\/plataforma_educativa\/wp-content\/uploads\/2020\/04\/circuitos-entrevista-4.mp4?_=2\" \/><a href=\"http:\/\/172.16.131.3:8000\/plataforma_educativa\/wp-content\/uploads\/2020\/04\/circuitos-entrevista-4.mp4\">http:\/\/172.16.131.3:8000\/plataforma_educativa\/wp-content\/uploads\/2020\/04\/circuitos-entrevista-4.mp4<\/a><\/video><\/div>\n<p>Ramos, Policarpo Gerem\u00edas &#8211; Construcci\u00f3n de Barbijo<\/p>\n<div style=\"width: 854px;\" class=\"wp-video\"><video class=\"wp-video-shortcode\" id=\"video-7592-3\" width=\"854\" height=\"480\" preload=\"metadata\" controls=\"controls\"><source type=\"video\/mp4\" src=\"http:\/\/172.16.131.3:8000\/plataforma_educativa\/wp-content\/uploads\/2020\/04\/entrevista-2-barbijo.mp4?_=3\" \/><a href=\"http:\/\/172.16.131.3:8000\/plataforma_educativa\/wp-content\/uploads\/2020\/04\/entrevista-2-barbijo.mp4\">http:\/\/172.16.131.3:8000\/plataforma_educativa\/wp-content\/uploads\/2020\/04\/entrevista-2-barbijo.mp4<\/a><\/video><\/div>\n<p>Ramos Quiroga, Tiago Carlos &#8211; Construcci\u00f3n de Barbijo<\/p>\n<div style=\"width: 854px;\" class=\"wp-video\"><video class=\"wp-video-shortcode\" id=\"video-7592-4\" width=\"854\" height=\"480\" preload=\"metadata\" controls=\"controls\"><source type=\"video\/mp4\" src=\"http:\/\/172.16.131.3:8000\/plataforma_educativa\/wp-content\/uploads\/2020\/04\/Ramos-quiroga-tiago-barbijo.mp4?_=4\" \/><a href=\"http:\/\/172.16.131.3:8000\/plataforma_educativa\/wp-content\/uploads\/2020\/04\/Ramos-quiroga-tiago-barbijo.mp4\">http:\/\/172.16.131.3:8000\/plataforma_educativa\/wp-content\/uploads\/2020\/04\/Ramos-quiroga-tiago-barbijo.mp4<\/a><\/video><\/div>\n<p>\u00a0<\/p>\n\n\n<figure class=\"wp-block-image size-large\"><a href=\"http:\/\/creativecommons.org\/licenses\/by-nc-sa\/4.0\/deed.es\" target=\"_blank\"><img decoding=\"async\" src=\"http:\/\/172.16.131.3:8000\/plataforma_educativa\/wp-content\/uploads\/2020\/04\/cc.png\" alt=\"\" class=\"wp-image-7648\"\/><\/a><\/figure>\n","protected":false},"excerpt":{"rendered":"<p>El profesor, Franco Jalile, de la Escuela Secundaria N\u00b0 39 de la Villa de Antofagasta, nos cuenta su experiencia en este nuevo entorno de educaci\u00f3n, \u201ccuando se decret\u00f3 el primer per\u00edodo de cuarentena me preocup\u00f3 el seguimiento de mis alumnos, ya que al ser una escuela de per\u00edodo especial, est\u00e1bamos en pleno proceso de cierre&hellip; <br \/> <a class=\"read-more\" href=\"https:\/\/www.catamarca.edu.ar\/plataforma_educativa\/franco-jalile\/\">Read more<\/a><\/p>\n","protected":false},"author":2,"featured_media":0,"comment_status":"closed","ping_status":"closed","sticky":false,"template":"","format":"standard","meta":{"footnotes":""},"categories":[4],"tags":[],"class_list":["post-7592","post","type-post","status-publish","format-standard","hentry","category-experiencias"],"_links":{"self":[{"href":"https:\/\/www.catamarca.edu.ar\/plataforma_educativa\/wp-json\/wp\/v2\/posts\/7592","targetHints":{"allow":["GET"]}}],"collection":[{"href":"https:\/\/www.catamarca.edu.ar\/plataforma_educativa\/wp-json\/wp\/v2\/posts"}],"about":[{"href":"https:\/\/www.catamarca.edu.ar\/plataforma_educativa\/wp-json\/wp\/v2\/types\/post"}],"author":[{"embeddable":true,"href":"https:\/\/www.catamarca.edu.ar\/plataforma_educativa\/wp-json\/wp\/v2\/users\/2"}],"replies":[{"embeddable":true,"href":"https:\/\/www.catamarca.edu.ar\/plataforma_educativa\/wp-json\/wp\/v2\/comments?post=7592"}],"version-history":[{"count":1,"href":"https:\/\/www.catamarca.edu.ar\/plataforma_educativa\/wp-json\/wp\/v2\/posts\/7592\/revisions"}],"predecessor-version":[{"id":8247,"href":"https:\/\/www.catamarca.edu.ar\/plataforma_educativa\/wp-json\/wp\/v2\/posts\/7592\/revisions\/8247"}],"wp:attachment":[{"href":"https:\/\/www.catamarca.edu.ar\/plataforma_educativa\/wp-json\/wp\/v2\/media?parent=7592"}],"wp:term":[{"taxonomy":"category","embeddable":true,"href":"https:\/\/www.catamarca.edu.ar\/plataforma_educativa\/wp-json\/wp\/v2\/categories?post=7592"},{"taxonomy":"post_tag","embeddable":true,"href":"https:\/\/www.catamarca.edu.ar\/plataforma_educativa\/wp-json\/wp\/v2\/tags?post=7592"}],"curies":[{"name":"wp","href":"https:\/\/api.w.org\/{rel}","templated":true}]}}