{"id":7667,"date":"2020-05-02T09:48:13","date_gmt":"2020-05-02T12:48:13","guid":{"rendered":"https:\/\/www.catamarca.edu.ar\/plataforma_educativa\/?p=7667"},"modified":"2020-07-20T21:00:06","modified_gmt":"2020-07-21T00:00:06","slug":"maria-elena-carrizo","status":"publish","type":"post","link":"https:\/\/www.catamarca.edu.ar\/plataforma_educativa\/maria-elena-carrizo\/","title":{"rendered":"Mar\u00eda Elena Carrizo"},"content":{"rendered":"<p>La profesora Mar\u00eda Elena Carrizo, docente de nivel inicial de la sala cinco a\u00f1os JIN N\u00b0 18 de la localidad de Ba\u00f1ado de Ovanta Dpto. Santa Rosa. Inicia su nueva experiencia ante este per\u00edodo de aislamiento ante una situaci\u00f3n compleja, pero no imposible. <img fetchpriority=\"high\" decoding=\"async\" class=\"size-medium wp-image-7669 alignleft\" src=\"http:\/\/172.16.131.3:8000\/plataforma_educativa\/wp-content\/uploads\/2020\/05\/Maria-Elena-Carrizo-259x300.jpg\" alt=\"\" width=\"259\" height=\"300\" \/>Recalca constantemente su inter\u00e9s en mantenerse en contacto con sus ni\u00f1os, lo cual se volvi\u00f3 dif\u00edcil ante la dificultad de no contar con la herramienta de trabajo como lo es la computadora, pero trata de trabajar con su tel\u00e9fono aunque en oportunidades no puede acceder a ciertos sitios, pero esto no impide las ganas, ni las ideas para poder comunicarse con sus ni\u00f1os por medio de WhatsApp, comenta \u201c por este medio mis m\u00e9todos de trabajo que voy implementando, de acuerdo al PDF que descargue de nivel inicial para trabajar son : audios ,canciones y todo de tipos de dudas. Contin\u00faa \u201cmi idea es motivarlos d\u00eda a d\u00eda con diferentes charlas dirigidas a ellos mis &#8220;peque\u00f1os guerreros &#8220;quienes est\u00e1n atravesando esta cuarentena con ganas de jugar con sus amigos; salir a la plaza ir al jard\u00edn, entonces trato de concientizar d\u00eda a d\u00eda de la importancia de quedarnos en casa y cuidar nuestra salud del virus COVID 19 y el dengue\u201d. La profesora Carrizo nos explica c\u00f3mo contin\u00faa su trabajo \u201crealizamos diferentes tareas utilizando los materiales descargados del aula virtual y las cartillas que le hicieron llegar a ellos (la misma herramienta de trabajo) Por ejemplo un d\u00eda nos conectamos todos y desarrollamos una charla sobre los cuidados y prevenciones que debemos tener sobre estas afecciones que nos est\u00e1n sucediendo de all\u00ed nos surgi\u00f3 la idea de crear con los materiales que ten\u00eda cada uno en su hogar un &#8220;bolso ecol\u00f3gico \u201c para guardar los elementos que debemos utilizar para cuidarnos (jab\u00f3n, alcohol en gel), y otras tareas pintar nuestro cuerpo, jugando con colores y motivando el di\u00e1logo comentando como est\u00e1 nuestro d\u00eda y disfrutando todas las clases la ayuda que recibimos de nuestra familia al momento de trabajar tambi\u00e9n en las materias especiales como ingl\u00e9s, m\u00fasica, tecnolog\u00eda y educaci\u00f3n f\u00edsica, docentes que preparan sus clases recreativas para nuestros ni\u00f1os. Concluye \u201cdebo destacar la importancia de participar en una constante capacitaci\u00f3n sobre todo por la \u00e9poca que nos toc\u00f3 vivir y para acompa\u00f1ar a mis &#8220;peque\u00f1os guerreros &#8220;en esta etapa que es su caminito inicial\u201d<\/p>\n<p>\u00a0<\/p>\n<hr \/>\n<h3><strong>Videos <br \/><\/strong><\/h3>\n<p>Alumnos del J.I.N. N\u00ba18 &#8211; Sta.Rosa &#8211; Trabajando sobre la naturaleza<\/p>\n<div style=\"width: 854px;\" class=\"wp-video\"><video class=\"wp-video-shortcode\" id=\"video-7667-1\" width=\"854\" height=\"480\" preload=\"metadata\" controls=\"controls\"><source type=\"video\/mp4\" src=\"http:\/\/172.16.131.3:8000\/plataforma_educativa\/wp-content\/uploads\/2020\/05\/entrevista-5-santa-rosa.mp4?_=1\" \/><a href=\"http:\/\/172.16.131.3:8000\/plataforma_educativa\/wp-content\/uploads\/2020\/05\/entrevista-5-santa-rosa.mp4\">http:\/\/172.16.131.3:8000\/plataforma_educativa\/wp-content\/uploads\/2020\/05\/entrevista-5-santa-rosa.mp4<\/a><\/video><\/div>\n<p>\u00a0<\/p>\n\n\n<figure class=\"wp-block-image size-large\"><a href=\"http:\/\/creativecommons.org\/licenses\/by-nc-sa\/4.0\/deed.es\" target=\"_blank\"><img decoding=\"async\" src=\"http:\/\/172.16.131.3:8000\/plataforma_educativa\/wp-content\/uploads\/2020\/04\/cc.png\" alt=\"\" class=\"wp-image-7648\"\/><\/a><\/figure>\n\n\n\n<p><\/p>\n","protected":false},"excerpt":{"rendered":"<p>La profesora Mar\u00eda Elena Carrizo, docente de nivel inicial de la sala cinco a\u00f1os JIN N\u00b0 18 de la localidad de Ba\u00f1ado de Ovanta Dpto. Santa Rosa. Inicia su nueva experiencia ante este per\u00edodo de aislamiento ante una situaci\u00f3n compleja, pero no imposible. Recalca constantemente su inter\u00e9s en mantenerse en contacto con sus ni\u00f1os, lo&hellip; <br \/> <a class=\"read-more\" href=\"https:\/\/www.catamarca.edu.ar\/plataforma_educativa\/maria-elena-carrizo\/\">Read more<\/a><\/p>\n","protected":false},"author":2,"featured_media":0,"comment_status":"closed","ping_status":"closed","sticky":false,"template":"","format":"standard","meta":{"footnotes":""},"categories":[4],"tags":[],"class_list":["post-7667","post","type-post","status-publish","format-standard","hentry","category-experiencias"],"_links":{"self":[{"href":"https:\/\/www.catamarca.edu.ar\/plataforma_educativa\/wp-json\/wp\/v2\/posts\/7667","targetHints":{"allow":["GET"]}}],"collection":[{"href":"https:\/\/www.catamarca.edu.ar\/plataforma_educativa\/wp-json\/wp\/v2\/posts"}],"about":[{"href":"https:\/\/www.catamarca.edu.ar\/plataforma_educativa\/wp-json\/wp\/v2\/types\/post"}],"author":[{"embeddable":true,"href":"https:\/\/www.catamarca.edu.ar\/plataforma_educativa\/wp-json\/wp\/v2\/users\/2"}],"replies":[{"embeddable":true,"href":"https:\/\/www.catamarca.edu.ar\/plataforma_educativa\/wp-json\/wp\/v2\/comments?post=7667"}],"version-history":[{"count":1,"href":"https:\/\/www.catamarca.edu.ar\/plataforma_educativa\/wp-json\/wp\/v2\/posts\/7667\/revisions"}],"predecessor-version":[{"id":8248,"href":"https:\/\/www.catamarca.edu.ar\/plataforma_educativa\/wp-json\/wp\/v2\/posts\/7667\/revisions\/8248"}],"wp:attachment":[{"href":"https:\/\/www.catamarca.edu.ar\/plataforma_educativa\/wp-json\/wp\/v2\/media?parent=7667"}],"wp:term":[{"taxonomy":"category","embeddable":true,"href":"https:\/\/www.catamarca.edu.ar\/plataforma_educativa\/wp-json\/wp\/v2\/categories?post=7667"},{"taxonomy":"post_tag","embeddable":true,"href":"https:\/\/www.catamarca.edu.ar\/plataforma_educativa\/wp-json\/wp\/v2\/tags?post=7667"}],"curies":[{"name":"wp","href":"https:\/\/api.w.org\/{rel}","templated":true}]}}