{"id":7862,"date":"2020-05-22T12:24:31","date_gmt":"2020-05-22T15:24:31","guid":{"rendered":"https:\/\/www.catamarca.edu.ar\/plataforma_educativa\/?p=7862"},"modified":"2020-07-20T21:00:56","modified_gmt":"2020-07-21T00:00:56","slug":"vanesa-perea-ansinelli","status":"publish","type":"post","link":"https:\/\/www.catamarca.edu.ar\/plataforma_educativa\/vanesa-perea-ansinelli\/","title":{"rendered":"Vanesa Perea Ansinelli"},"content":{"rendered":"<p><em><strong>Vanesa Perea Ansinelli, Profesora del Nivel Inicial<\/strong><\/em><\/p>\n<p>La educaci\u00f3n hoy nos presenta un nuevo desaf\u00edo y nuestros docentes con compromiso y responsabilidad est\u00e1n asumiendo la tarea de la ense\u00f1anza y buscan a partir de diversas metodolog\u00edas llevar a cabo esta compleja y maravillosa acci\u00f3n.<br \/>Nuestra profesora del nivel inicial, la se\u00f1o Vane, como la llaman sus peque\u00f1os no s\u00f3lo busca actividades, sino planifica, re significa contenidos con el objeto de lograr el desarrollo de capacidades en sus ni\u00f1os lo cual requiere de un trabajo complementario y sostenido con el apoyo permanente e indispensable de cada una de las familias, que ser\u00e1 posible en tanto se comprenda la importancia de la participaci\u00f3n, la fluidez de la comunicaci\u00f3n y la complejidad de la situaci\u00f3n del proceso ense\u00f1anza- aprendizaje.<br \/>Ella ya contin\u00faa buscando nuevas estrategias, sus grupos de ni\u00f1os esperan ansiosos sus clases, y nosotros aplaudimos el trabajo conjunto de todos ellos.<\/p>\n<hr \/>\n<div style=\"width: 854px;\" class=\"wp-video\"><video class=\"wp-video-shortcode\" id=\"video-7862-1\" width=\"854\" height=\"480\" preload=\"metadata\" controls=\"controls\"><source type=\"video\/mp4\" src=\"http:\/\/172.16.131.3:8000\/plataforma_educativa\/wp-content\/uploads\/2020\/05\/experiencia-entrevista-se\u00f1o-peres-vanesa.mp4?_=1\" \/><a href=\"http:\/\/172.16.131.3:8000\/plataforma_educativa\/wp-content\/uploads\/2020\/05\/experiencia-entrevista-se\u00f1o-peres-vanesa.mp4\">http:\/\/172.16.131.3:8000\/plataforma_educativa\/wp-content\/uploads\/2020\/05\/experiencia-entrevista-se\u00f1o-peres-vanesa.mp4<\/a><\/video><\/div>\n<p>\u00a0<\/p>\n\n\n<figure class=\"wp-block-image size-large\"><a href=\"http:\/\/creativecommons.org\/licenses\/by-nc-sa\/4.0\/deed.es\" target=\"_blank\"><img decoding=\"async\" src=\"http:\/\/172.16.131.3:8000\/plataforma_educativa\/wp-content\/uploads\/2020\/04\/cc.png\" alt=\"\" class=\"wp-image-7648\"\/><\/a><\/figure>\n","protected":false},"excerpt":{"rendered":"<p>Vanesa Perea Ansinelli, Profesora del Nivel Inicial La educaci\u00f3n hoy nos presenta un nuevo desaf\u00edo y nuestros docentes con compromiso y responsabilidad est\u00e1n asumiendo la tarea de la ense\u00f1anza y buscan a partir de diversas metodolog\u00edas llevar a cabo esta compleja y maravillosa acci\u00f3n.Nuestra profesora del nivel inicial, la se\u00f1o Vane, como la llaman sus&hellip; <br \/> <a class=\"read-more\" href=\"https:\/\/www.catamarca.edu.ar\/plataforma_educativa\/vanesa-perea-ansinelli\/\">Read more<\/a><\/p>\n","protected":false},"author":2,"featured_media":0,"comment_status":"closed","ping_status":"closed","sticky":false,"template":"","format":"standard","meta":{"footnotes":""},"categories":[1],"tags":[],"class_list":["post-7862","post","type-post","status-publish","format-standard","hentry","category-sin-categoria"],"_links":{"self":[{"href":"https:\/\/www.catamarca.edu.ar\/plataforma_educativa\/wp-json\/wp\/v2\/posts\/7862","targetHints":{"allow":["GET"]}}],"collection":[{"href":"https:\/\/www.catamarca.edu.ar\/plataforma_educativa\/wp-json\/wp\/v2\/posts"}],"about":[{"href":"https:\/\/www.catamarca.edu.ar\/plataforma_educativa\/wp-json\/wp\/v2\/types\/post"}],"author":[{"embeddable":true,"href":"https:\/\/www.catamarca.edu.ar\/plataforma_educativa\/wp-json\/wp\/v2\/users\/2"}],"replies":[{"embeddable":true,"href":"https:\/\/www.catamarca.edu.ar\/plataforma_educativa\/wp-json\/wp\/v2\/comments?post=7862"}],"version-history":[{"count":1,"href":"https:\/\/www.catamarca.edu.ar\/plataforma_educativa\/wp-json\/wp\/v2\/posts\/7862\/revisions"}],"predecessor-version":[{"id":8250,"href":"https:\/\/www.catamarca.edu.ar\/plataforma_educativa\/wp-json\/wp\/v2\/posts\/7862\/revisions\/8250"}],"wp:attachment":[{"href":"https:\/\/www.catamarca.edu.ar\/plataforma_educativa\/wp-json\/wp\/v2\/media?parent=7862"}],"wp:term":[{"taxonomy":"category","embeddable":true,"href":"https:\/\/www.catamarca.edu.ar\/plataforma_educativa\/wp-json\/wp\/v2\/categories?post=7862"},{"taxonomy":"post_tag","embeddable":true,"href":"https:\/\/www.catamarca.edu.ar\/plataforma_educativa\/wp-json\/wp\/v2\/tags?post=7862"}],"curies":[{"name":"wp","href":"https:\/\/api.w.org\/{rel}","templated":true}]}}