{"id":7873,"date":"2020-05-22T12:37:32","date_gmt":"2020-05-22T15:37:32","guid":{"rendered":"https:\/\/www.catamarca.edu.ar\/plataforma_educativa\/?p=7873"},"modified":"2020-05-22T12:37:32","modified_gmt":"2020-05-22T15:37:32","slug":"experiencia-de-una-familia-de-los-altos","status":"publish","type":"post","link":"https:\/\/www.catamarca.edu.ar\/plataforma_educativa\/experiencia-de-una-familia-de-los-altos\/","title":{"rendered":"Experiencia de una Familia de Los Altos"},"content":{"rendered":"<p>Agradecemos el aporte de la familia de Dami\u00e1n Alexander G\u00f3mez de la Esc. Primaria N\u00b0 378 Los Altos<\/p>\n<p><img fetchpriority=\"high\" decoding=\"async\" class=\"size-medium wp-image-7874 alignleft\" src=\"http:\/\/172.16.131.3:8000\/plataforma_educativa\/wp-content\/uploads\/2020\/05\/Familia-Los-Altos-300x213.jpg\" alt=\"\" width=\"300\" height=\"213\" \/>Nombre: Porello Rosario del Carmen<br \/>1. \u00bfC\u00f3mo est\u00e1 constituida su familia?<br \/>-Mi familia est\u00e1 compuesta por mi marido, mis siete hijos y yo. Pero actualmente en mi casa est\u00e1n tres de mis hijos menores, ya que los otros tienen su familia conformada Pero se suma ahora estamos en compa\u00f1\u00eda de mi hija y su familia, que vinieron de visita desde C\u00f3rdoba y justo al darse el decreto de aislamiento tuvieron que quedarse.<br \/>2. \u00bfC\u00f3mo modific\u00f3 la situaci\u00f3n de la Pandemia en su familia?<br \/>-De varias maneras, en cuanto a lo econ\u00f3mico mi tarea es realizar tortillas, masitas, y ahora las hago pero la venta depende seg\u00fan los pedidos y salgo en mi moto a realizar delivery,<br \/>Y en lo que respecta a la familia, veo una situaci\u00f3n de uni\u00f3n m\u00e1s fuerte, tengo a mi hija con su familia, mis hijos de manera permanente en casa, realizando tareas. Y uno mucho m\u00e1s atento a ellos.<br \/>Adem\u00e1s mis hijos ten\u00edan muchas actividades, en el caso de Dami\u00e1n iba a la escuela durante la ma\u00f1ana, y a la tarde ten\u00eda sus actividades recreativas como f\u00fatbol, danzas ahora se aburre bastante.<br \/>3. \u00bfQu\u00e9 horas o c\u00f3mo se organizan para estudiar?<br \/>Generalmente es a la ma\u00f1ana, pero a la tarde tambi\u00e9n porque sino se aburren, esto en primaria hacen la cartilla o se conectan por whatssap con los profes, lo que si les resulta m\u00e1s entretenido las materias especiales, pero en secundaria est\u00e1n organizados en el mismo horario que ten\u00edan clases con sus docentes, mi otro hijo va a la secundaria de Alijil\u00e1n, est\u00e1 en la tarde sentado trabajando con whatsaap por que no tengo conectividad para usar classroom, que es la otra propuesta, pero \u00e9l trabaja en su grupo bastante bien .<br \/>4. \u00bfC\u00f3mo considera que est\u00e1 funcionando este nuevo sistema de aprendizaje?<br \/>-Considero que est\u00e1 funcionando bastante bien, mis hijos siguen estudiando, nuestro apoyo si aument\u00f3, ahora aprendemos en familia, lo que creo que est\u00e1 muy bien, en mi caso siempre le controlaba carpetas, quiz\u00e1s en otros hogares eso ahora est\u00e1 funcionando m\u00e1s y lo encuentro positivo ya que<br \/>como familia debemos estar pendientes, la responsabilidad debe ser compartida familia y escuela, como debe ser.<\/p>\n<p>Muchas gracias por su gran aporte!!!<\/p>\n<hr \/>\n\n\n<figure class=\"wp-block-image size-large\"><a href=\"http:\/\/creativecommons.org\/licenses\/by-nc-sa\/4.0\/deed.es\" target=\"_blank\"><img decoding=\"async\" src=\"http:\/\/172.16.131.3:8000\/plataforma_educativa\/wp-content\/uploads\/2020\/04\/cc.png\" alt=\"\" class=\"wp-image-7648\"\/><\/a><\/figure>\n","protected":false},"excerpt":{"rendered":"<p>Agradecemos el aporte de la familia de Dami\u00e1n Alexander G\u00f3mez de la Esc. Primaria N\u00b0 378 Los Altos Nombre: Porello Rosario del Carmen1. \u00bfC\u00f3mo est\u00e1 constituida su familia?-Mi familia est\u00e1 compuesta por mi marido, mis siete hijos y yo. Pero actualmente en mi casa est\u00e1n tres de mis hijos menores, ya que los otros tienen&hellip; <br \/> <a class=\"read-more\" href=\"https:\/\/www.catamarca.edu.ar\/plataforma_educativa\/experiencia-de-una-familia-de-los-altos\/\">Read more<\/a><\/p>\n","protected":false},"author":2,"featured_media":0,"comment_status":"closed","ping_status":"closed","sticky":false,"template":"","format":"standard","meta":{"footnotes":""},"categories":[1],"tags":[],"class_list":["post-7873","post","type-post","status-publish","format-standard","hentry","category-sin-categoria"],"_links":{"self":[{"href":"https:\/\/www.catamarca.edu.ar\/plataforma_educativa\/wp-json\/wp\/v2\/posts\/7873","targetHints":{"allow":["GET"]}}],"collection":[{"href":"https:\/\/www.catamarca.edu.ar\/plataforma_educativa\/wp-json\/wp\/v2\/posts"}],"about":[{"href":"https:\/\/www.catamarca.edu.ar\/plataforma_educativa\/wp-json\/wp\/v2\/types\/post"}],"author":[{"embeddable":true,"href":"https:\/\/www.catamarca.edu.ar\/plataforma_educativa\/wp-json\/wp\/v2\/users\/2"}],"replies":[{"embeddable":true,"href":"https:\/\/www.catamarca.edu.ar\/plataforma_educativa\/wp-json\/wp\/v2\/comments?post=7873"}],"version-history":[{"count":0,"href":"https:\/\/www.catamarca.edu.ar\/plataforma_educativa\/wp-json\/wp\/v2\/posts\/7873\/revisions"}],"wp:attachment":[{"href":"https:\/\/www.catamarca.edu.ar\/plataforma_educativa\/wp-json\/wp\/v2\/media?parent=7873"}],"wp:term":[{"taxonomy":"category","embeddable":true,"href":"https:\/\/www.catamarca.edu.ar\/plataforma_educativa\/wp-json\/wp\/v2\/categories?post=7873"},{"taxonomy":"post_tag","embeddable":true,"href":"https:\/\/www.catamarca.edu.ar\/plataforma_educativa\/wp-json\/wp\/v2\/tags?post=7873"}],"curies":[{"name":"wp","href":"https:\/\/api.w.org\/{rel}","templated":true}]}}